{"id":246584,"date":"2024-03-07T04:30:01","date_gmt":"2024-03-07T04:30:01","guid":{"rendered":"https:\/\/reserhub.com\/br\/?p=246584"},"modified":"2024-03-07T04:30:03","modified_gmt":"2024-03-07T04:30:03","slug":"reservamos-saas-conecta-setor-rodoviario-na-expo-foro","status":"publish","type":"post","link":"https:\/\/reserhub.com\/br\/blog\/reservamos-saas-conecta-setor-rodoviario-na-expo-foro\/","title":{"rendered":"Reservamos SaaS gera espa\u00e7os para conectar as via\u00e7\u00f5es no M\u00e9xico e na Col\u00f4mbia durante a Expo Foro 2024"},"content":{"rendered":"\n<p><\/p>\n\n\n\n<p class=\"has-medium-font-size\"><em><strong>Na semana passada, a Reservamos SaaS recebeu seus parceiros R\u00e1pido Ochoa e Expreso Bras\u00edlia na Cidade do M\u00e9xico para v\u00e1rias atividades e reuni\u00f5es com empresas l\u00edderes no setor de transporte de passageiros mexicano.<\/strong><\/em><\/p>\n\n\n\n<p><\/p>\n\n\n\n<p>Em 27 de fevereiro, Reservamos SaaS deu as boas-vindas a <a href=\"https:\/\/rapidoochoa.com.co\/\">R\u00e1pido Ochoa<\/a> e <a href=\"https:\/\/www.expresobrasilia.com\/\">Expreso Bras\u00edlia <\/a>na Cidade do M\u00e9xico. Ambos os parceiros s\u00e3o refer\u00eancias no setor de transporte de passageiros e cargas na Col\u00f4mbia.<\/p>\n\n\n\n<p><\/p>\n\n\n\n<h2 class=\"wp-block-heading\">Visita ao F\u00f3rum de Mobilidade da Expo 2024<\/h2>\n\n\n\n<p><\/p>\n\n\n\n<p>Em 28 de fevereiro, acompanhamos nossos parceiros \u00e0 abertura da Expo Foro Movilidad 2024 e realizamos uma reuni\u00e3o com o Grupo IAMSA e a GFA, empresas l\u00edderes no setor de transporte no M\u00e9xico.<\/p>\n\n\n\n<p><\/p>\n\n\n\n<p>A Expo Foro Movilidad, organizada pela <a href=\"https:\/\/canapat.org.mx\/\">C\u00e1mara Nacional del Autotransporte de Pasaje y Turismo (CANAPAT)<\/a>, re\u00fane empresas dedicadas ao transporte de passageiros estrangeiros, tur\u00edsticos, urbanos, suburbanos, escolares, pessoal e multimodal, autoridades que contribuem para o desenvolvimento do setor, bem como fornecedores do setor e at\u00e9 mesmo usu\u00e1rios e f\u00e3s.<\/p>\n\n\n\n<p><\/p>\n\n\n\n<figure class=\"wp-block-gallery has-nested-images columns-default is-cropped wp-block-gallery-1 is-layout-flex wp-block-gallery-is-layout-flex\">\n<figure class=\"wp-block-image size-large\"><img decoding=\"async\" data-id=\"1633\" src=\"https:\/\/reserhub.com\/es\/wp-content\/uploads\/sites\/9\/2024\/03\/Expo-Foro-1024x626.webp\" alt=\"\" class=\"wp-image-1633\"\/><\/figure>\n\n\n\n<figure class=\"wp-block-image size-large\"><img decoding=\"async\" data-id=\"1632\" src=\"https:\/\/reserhub.com\/es\/wp-content\/uploads\/sites\/9\/2024\/03\/Expo-Foro-2-1024x668.webp\" alt=\"\" class=\"wp-image-1632\"\/><\/figure>\n\n\n\n<figure class=\"wp-block-image size-large\"><img decoding=\"async\" data-id=\"249647\" src=\"https:\/\/reserhub.com\/wp-content\/uploads\/2024\/03\/430223107_897371902186816_7666592576894484206_n-1200x799.webp\" alt=\"\" class=\"wp-image-249647\"\/><\/figure>\n<\/figure>\n\n\n\n<p><\/p>\n\n\n\n<p>A edi\u00e7\u00e3o deste ano teve como foco a mobilidade, as novas tecnologias e a sustentabilidade como eixos principais durante os tr\u00eas dias do evento, de 28 de fevereiro a 1\u00ba de mar\u00e7o de 2024. Uma vis\u00e3o muito alinhada com os esfor\u00e7os que temos promovido, por meio da tecnologia, para oferecer \u00e0s empresas solu\u00e7\u00f5es e ferramentas que lhes permitam garantir uma melhor experi\u00eancia para a compra de seus ingressos de forma digital e assegurar uma mobilidade mais sustent\u00e1vel no pa\u00eds.<\/p>\n\n\n\n<p><\/p>\n\n\n\n<p>Por exemplo, desde aplicar tecnologia no <a href=\"https:\/\/reserhub.com\/br\/plataforma-de-ecommerce-para-viacoes\/\">eCommerce <\/a>de nossos parceiros para otimizar seus canais diretos de venda on-line e, assim, ajudar a fortalecer o marketing digital de passagens, acima da bilheteria; ou ter ferramentas para aumentar sua ocupa\u00e7\u00e3o por rota e gerenciar melhor seu estoque e receita.\u00a0<\/p>\n\n\n\n<p><\/p>\n\n\n\n<p>At\u00e9 mesmo colaborar em iniciativas como a Pegada de Carbono, na qual o Primera Plus, uma linha aliada do Reservamos SaaS, foi pioneiro no M\u00e9xico, promovendo seus<a href=\"https:\/\/reserhub.com\/br\/credito-de-carbono-ecommerce\/\"> cr\u00e9ditos de carbono<\/a> para compensar as emiss\u00f5es e apoiar projetos regionais, que v\u00e3o desde a conserva\u00e7\u00e3o de \u00e1reas florestais at\u00e9 a gera\u00e7\u00e3o de energia a partir de fontes naturais e renov\u00e1veis.<\/p>\n\n\n\n<p><\/p>\n\n\n\n<p>Por meio de cada solu\u00e7\u00e3o e inova\u00e7\u00e3o, que faz parte de nossa infraestrutura tecnol\u00f3gica e atende nossos parceiros, ajudamos as empresas a se alinharem com as novas tend\u00eancias e necessidades do mercado e dos viajantes para aumentar sua competitividade.\u00a0<\/p>\n\n\n\n<p><\/p>\n\n\n\n<p>Como conseguimos isso? Por meio da an\u00e1lise e otimiza\u00e7\u00e3o das opera\u00e7\u00f5es e estrat\u00e9gias de crescimento, com foco na experi\u00eancia do usu\u00e1rio, no conhecimento de seus h\u00e1bitos de consumo, no desenvolvimento e na personaliza\u00e7\u00e3o da oferta.\u00a0<\/p>\n\n\n\n<p><\/p>\n\n\n\n<p>Com isso, buscamos garantir \u00e0s empresas o controle de seus neg\u00f3cios e o sucesso digital de seus canais de vendas on-line. Dessa forma, elas podem oferecer melhores experi\u00eancias de mobilidade aos usu\u00e1rios, fazendo com que eles escolham o \u00f4nibus como meio de transporte para diferentes atividades.\u00a0<\/p>\n\n\n\n<p><\/p>\n\n\n\n<p>Durante a cerim\u00f4nia de abertura, o Secret\u00e1rio de Turismo do Governo do M\u00e9xico, Miguel Torruco Marqu\u00e9s, mencionou a import\u00e2ncia do transporte terrestre, que \u00e9 o mais utilizado no M\u00e9xico para o turismo. Isso se deve ao fato de que aproximadamente 8 em cada 10 pessoas viajam de carro ou \u00f4nibus, de acordo com dados compartilhados pelo funcion\u00e1rio.<\/p>\n\n\n\n<p><\/p>\n\n\n\n<p class=\"has-text-color has-link-color has-large-font-size wp-elements-a12310e80c278d1c4bc9c9c102c5d4f0\" style=\"color:#76bc21;font-style:normal;font-weight:800\"><em>Em 2022, 661 milh\u00f5es e 320 mil passageiros foram transportados por \u00f4nibus com servi\u00e7o tur\u00edstico.<\/em><\/p>\n\n\n\n<p><\/p>\n\n\n\n<h2 class=\"wp-block-heading\">Visita aos escrit\u00f3rios da Reservamos SaaS<\/h2>\n\n\n\n<p><\/p>\n\n\n\n<p>Nos dias 29 de fevereiro e 1\u00ba de mar\u00e7o, a R\u00e1pido Ochoa e a Expreso Bras\u00edlia visitaram os escrit\u00f3rios da Reservamos SaaS na Cidade do M\u00e9xico para se reunir com os principais membros de nossa equipe que est\u00e3o envolvidos no desenvolvimento e otimiza\u00e7\u00e3o de seu com\u00e9rcio eletr\u00f4nico.\u00a0<\/p>\n\n\n\n<p><\/p>\n\n\n\n<figure class=\"wp-block-image size-large\"><img decoding=\"async\" src=\"https:\/\/reserhub.com\/es\/wp-content\/uploads\/sites\/9\/2024\/03\/Reservamos-SaaS-1024x651.webp\" alt=\"\" class=\"wp-image-1635\"\/><\/figure>\n\n\n\n<p><\/p>\n\n\n\n<p>Durante essas reuni\u00f5es, apresentamos a cada um deles a nova forma de trabalho que temos na Reservamos SaaS, dividida em duas equipes principais de desenvolvimento: uma equipe Core, que apresentou seu Roadmap e a vis\u00e3o do produto para 2024; e uma equipe Merchant Service, que ouviu as iniciativas que a marca deseja implementar e as colocou em uma lista de projetos que ser\u00e3o priorizados pelas marcas.\u00a0<\/p>\n\n\n\n<p><\/p>\n\n\n\n<figure class=\"wp-block-gallery has-nested-images columns-default is-cropped wp-block-gallery-2 is-layout-flex wp-block-gallery-is-layout-flex\">\n<figure class=\"wp-block-image size-large\"><img decoding=\"async\" data-id=\"1636\" src=\"https:\/\/reserhub.com\/es\/wp-content\/uploads\/sites\/9\/2024\/03\/R8A-2-1024x576.webp\" alt=\"\" class=\"wp-image-1636\"\/><\/figure>\n\n\n\n<figure class=\"wp-block-image size-large\"><img decoding=\"async\" data-id=\"1637\" src=\"https:\/\/reserhub.com\/es\/wp-content\/uploads\/sites\/9\/2024\/03\/R8A-3-1024x603.webp\" alt=\"\" class=\"wp-image-1637\"\/><\/figure>\n\n\n\n<figure class=\"wp-block-image size-large\"><img decoding=\"async\" data-id=\"1639\" src=\"https:\/\/reserhub.com\/es\/wp-content\/uploads\/sites\/9\/2024\/03\/R8A-1024x615.webp\" alt=\"\" class=\"wp-image-1639\"\/><\/figure>\n\n\n\n<figure class=\"wp-block-image size-large\"><img decoding=\"async\" data-id=\"1638\" src=\"https:\/\/reserhub.com\/es\/wp-content\/uploads\/sites\/9\/2024\/03\/R8A-4-1024x727.webp\" alt=\"\" class=\"wp-image-1638\"\/><\/figure>\n<\/figure>\n\n\n\n<p><\/p>\n\n\n\n<p>Dessa forma, garantimos que ofereceremos a melhor experi\u00eancia de vendas para o viajante, sem deixar de lado os projetos que as marcas desejam implementar. Al\u00e9m disso, essas equipes resolveram d\u00favidas e preocupa\u00e7\u00f5es sobre nossas solu\u00e7\u00f5es que implementam diariamente e como podemos continuar a agilizar a inova\u00e7\u00e3o de suas empresas.\u00a0<\/p>\n\n\n\n<p><\/p>\n\n\n\n<p>Como parte de nosso esfor\u00e7o e objetivo na Reservamos SaaS de trabalhar este ano na gera\u00e7\u00e3o de uma comunidade s\u00f3lida dentro do setor, demos os primeiros passos nessas visitas estrat\u00e9gicas para facilitar as reuni\u00f5es entre nossos aliados no M\u00e9xico e na Col\u00f4mbia, o que nos permitiu ouvir cada empresa e perceber que h\u00e1 uma enorme oportunidade de resolver problemas e desafios no setor.\u00a0<\/p>\n\n\n\n<p><\/p>\n\n\n\n<p>Desde quest\u00f5es como o gerenciamento de motoristas e sua rota\u00e7\u00e3o nas rotas, para gerar espa\u00e7os de descanso e, portanto, seguran\u00e7a para os viajantes; at\u00e9 iniciativas inovadoras que envolvem desafios de pol\u00edticas para garantir experi\u00eancias de viagem ideais, como possibilitar viagens que aceitam animais de estima\u00e7\u00e3o, servi\u00e7os auxiliares em no qual a Reservamos SaaS tem experi\u00eancia, gra\u00e7as \u00e0 implementa\u00e7\u00e3o realizada para a linha ETN-Turistar.\u00a0<\/p>\n\n\n\n<p><\/p>\n\n\n\n<p>Al\u00e9m das quest\u00f5es digitais, o que buscamos com essas reuni\u00f5es \u00e9 nos tornarmos facilitadores para fortalecer o setor e mant\u00ea-lo inovador, com linhas de \u00f4nibus adaptadas \u00e0s necessidades atuais e futuras.\u00a0<\/p>\n\n\n\n<p><\/p>\n\n\n\n<figure class=\"wp-block-gallery has-nested-images columns-default is-cropped wp-block-gallery-3 is-layout-flex wp-block-gallery-is-layout-flex\">\n<figure class=\"wp-block-image size-large\"><img decoding=\"async\" data-id=\"1640\" src=\"https:\/\/reserhub.com\/es\/wp-content\/uploads\/sites\/9\/2024\/03\/GFA-1024x631.webp\" alt=\"\" class=\"wp-image-1640\"\/><\/figure>\n\n\n\n<figure class=\"wp-block-image size-large\"><img decoding=\"async\" data-id=\"1642\" src=\"https:\/\/reserhub.com\/es\/wp-content\/uploads\/sites\/9\/2024\/03\/Tian-1024x637.webp\" alt=\"\" class=\"wp-image-1642\"\/><\/figure>\n\n\n\n<figure class=\"wp-block-image size-large\"><img decoding=\"async\" data-id=\"1641\" src=\"https:\/\/reserhub.com\/es\/wp-content\/uploads\/sites\/9\/2024\/03\/IAMSA-1024x635.webp\" alt=\"\" class=\"wp-image-1641\"\/><\/figure>\n<\/figure>\n\n\n\n<p><\/p>\n\n\n\n<p>Para n\u00f3s, \u00e9 fundamental gerar esses espa\u00e7os, pois eles nos permitem continuar desenvolvendo tecnologia especializada que impulsiona o setor para uma digitaliza\u00e7\u00e3o cada vez maior e melhor, al\u00e9m de apoiar as marcas a aprender com outras marcas que est\u00e3o fora de suas fronteiras, mas que muitas vezes enfrentam desafios semelhantes.<\/p>\n\n\n\n<p><\/p>\n\n\n\n<h2 class=\"wp-block-heading\">Reuni\u00e3o de parceiros com o Google M\u00e9xico<\/h2>\n\n\n\n<p><\/p>\n\n\n\n<p>Como aliados das marcas, buscamos aproxim\u00e1-las de consultores e especialistas em cada \u00e1rea, permitindo que as empresas aumentem suas vendas digitais. Na Reservamos SaaS temos consultores em Revenue Management, estrat\u00e9gias digitais, entre outros.\u00a0<\/p>\n\n\n\n<p><\/p>\n\n\n\n<p>Nesta ocasi\u00e3o, encerramos as visitas de nossos aliados, com um importante v\u00ednculo para continuar explorando alternativas para sua digitaliza\u00e7\u00e3o. O Google M\u00e9xico apresentou o trabalho que est\u00e1 desenvolvendo atrav\u00e9s do Google Travel, para aumentar a visibilidade das rotas e alternativas de mobilidade para os usu\u00e1rios.\u00a0<\/p>\n\n\n\n<p><\/p>\n\n\n\n<figure class=\"wp-block-gallery has-nested-images columns-default is-cropped wp-block-gallery-4 is-layout-flex wp-block-gallery-is-layout-flex\">\n<figure class=\"wp-block-image size-large\"><img decoding=\"async\" data-id=\"1646\" src=\"https:\/\/reserhub.com\/es\/wp-content\/uploads\/sites\/9\/2024\/03\/Google-1024x957.webp\" alt=\"\" class=\"wp-image-1646\"\/><\/figure>\n\n\n\n<figure class=\"wp-block-image size-large\"><img decoding=\"async\" data-id=\"1643\" src=\"https:\/\/reserhub.com\/es\/wp-content\/uploads\/sites\/9\/2024\/03\/Google-Travel-2-1024x746.webp\" alt=\"\" class=\"wp-image-1643\"\/><\/figure>\n\n\n\n<figure class=\"wp-block-image size-large\"><img decoding=\"async\" data-id=\"1645\" src=\"https:\/\/reserhub.com\/es\/wp-content\/uploads\/sites\/9\/2024\/03\/Google-Travel-3-1024x936.webp\" alt=\"\" class=\"wp-image-1645\"\/><\/figure>\n\n\n\n<figure class=\"wp-block-image size-large\"><img decoding=\"async\" data-id=\"1644\" src=\"https:\/\/reserhub.com\/es\/wp-content\/uploads\/sites\/9\/2024\/03\/Google-Travel-1024x512.webp\" alt=\"\" class=\"wp-image-1644\"\/><\/figure>\n<\/figure>\n\n\n\n<p><\/p>\n\n\n\n<p>Com o apoio da equipe de tecnologia e produtos SaaS de Reservamos, trabalharemos lado a lado com o Google e nossos aliados para garantir que a R\u00e1pido Ochoa e a Expreso Bras\u00edlia sejam as primeiras empresas de transporte rodovi\u00e1rio de passageiros colombianas a colaborar com a equipe de produtos do Google Travel e aumentar a visibilidade de suas marcas, exibindo seus logotipos, pre\u00e7os e hor\u00e1rios nas rotas.\u00a0\u00a0<\/p>\n\n\n\n<p><\/p>\n\n\n\n<p>O \u00fanico pa\u00eds que fez isso na regi\u00e3o foi o Brasil, portanto, com esse v\u00ednculo, nossos parceiros colombianos ser\u00e3o os primeiros a fazer isso fora do Brasil. Na Reservamos SaaS, estamos trabalhando em parceria com empresas importantes, como o Google, para tornar esse e outros projetos uma realidade que ter\u00e1 um impacto positivo em todos os nossos parceiros no M\u00e9xico, Chile, Brasil e Col\u00f4mbia.<\/p>\n\n\n\n<p><\/p>\n\n\n\n<p>Se sua empresa de transporte rodovi\u00e1rio de passageiros precisa de um aliado tecnol\u00f3gico especializado para ajud\u00e1-lo a se conectar melhor com seus viajantes digitais e com o setor, visite<a href=\"https:\/\/reserhub.com\/br\/\"> Reservamos SaaS<\/a> para obter mais informa\u00e7\u00f5es e solicitar uma demonstra\u00e7\u00e3o.<\/p>\n","protected":false},"excerpt":{"rendered":"<p>Na semana passada, a Reservamos SaaS recebeu seus parceiros R\u00e1pido Ochoa e Expreso Bras\u00edlia na Cidade do M\u00e9xico para v\u00e1rias atividades e reuni\u00f5es com empresas l\u00edderes no setor de transporte de passageiros mexicano. Em 27 de fevereiro, Reservamos SaaS deu as boas-vindas a R\u00e1pido Ochoa e Expreso Bras\u00edlia na Cidade do M\u00e9xico. Ambos os parceiros [&hellip;]<\/p>\n","protected":false},"author":4,"featured_media":246585,"comment_status":"closed","ping_status":"closed","sticky":false,"template":"","format":"standard","meta":{"_eb_attr":"","content-type":"","footnotes":""},"categories":[6,15],"tags":[],"class_list":["post-246584","post","type-post","status-publish","format-standard","has-post-thumbnail","hentry","category-evolucao-no-setor-de-transporte-terrestre","category-sala-de-imprensa"],"yoast_head":"<!-- This site is optimized with the Yoast SEO Premium plugin v27.5 (Yoast SEO v27.5) - https:\/\/yoast.com\/product\/yoast-seo-premium-wordpress\/ -->\n<title>Reservamos SaaS gera espa\u00e7os para conectar as via\u00e7\u00f5es no M\u00e9xico e na Col\u00f4mbia durante a Expo Foro 2024 - Reserhub BR<\/title>\n<meta name=\"description\" content=\"Reservamos SaaS conecta aliados no M\u00e9xico e na Col\u00f4mbia na Expo Foro 2024, promovendo a digitaliza\u00e7\u00e3o e a sustentabilidade no transporte de passageiros.\" \/>\n<meta name=\"robots\" content=\"index, follow, max-snippet:-1, max-image-preview:large, max-video-preview:-1\" \/>\n<link rel=\"canonical\" href=\"https:\/\/reserhub.com\/br\/blog\/reservamos-saas-conecta-setor-rodoviario-na-expo-foro\/\" \/>\n<meta property=\"og:locale\" content=\"en_US\" \/>\n<meta property=\"og:type\" content=\"article\" \/>\n<meta property=\"og:title\" content=\"Reservamos SaaS gera espa\u00e7os para conectar as via\u00e7\u00f5es no M\u00e9xico e na Col\u00f4mbia durante a Expo Foro 2024\" \/>\n<meta property=\"og:description\" content=\"Reservamos SaaS conecta aliados no M\u00e9xico e na Col\u00f4mbia na Expo Foro 2024, promovendo a digitaliza\u00e7\u00e3o e a sustentabilidade no transporte de passageiros.\" \/>\n<meta property=\"og:url\" content=\"https:\/\/reserhub.com\/br\/blog\/reservamos-saas-conecta-setor-rodoviario-na-expo-foro\/\" \/>\n<meta property=\"og:site_name\" content=\"Reserhub BR\" \/>\n<meta property=\"article:published_time\" content=\"2024-03-07T04:30:01+00:00\" \/>\n<meta property=\"article:modified_time\" content=\"2024-03-07T04:30:03+00:00\" \/>\n<meta property=\"og:image\" content=\"https:\/\/reserhub.com\/br\/wp-content\/uploads\/sites\/10\/2024\/03\/Portada-Post-Expo-Foro-Movilidad-2024-.webp\" \/>\n\t<meta property=\"og:image:width\" content=\"1000\" \/>\n\t<meta property=\"og:image:height\" content=\"800\" \/>\n\t<meta property=\"og:image:type\" content=\"image\/webp\" \/>\n<meta name=\"author\" content=\"Beatriz Ladr\u00f3n\" \/>\n<meta name=\"twitter:card\" content=\"summary_large_image\" \/>\n<meta name=\"twitter:label1\" content=\"Written by\" \/>\n\t<meta name=\"twitter:data1\" content=\"Beatriz Ladr\u00f3n\" \/>\n\t<meta name=\"twitter:label2\" content=\"Est. reading time\" \/>\n\t<meta name=\"twitter:data2\" content=\"9 minutes\" \/>\n<script type=\"application\/ld+json\" class=\"yoast-schema-graph\">{\"@context\":\"https:\\\/\\\/schema.org\",\"@graph\":[{\"@type\":\"Article\",\"@id\":\"https:\\\/\\\/reserhub.com\\\/br\\\/blog\\\/reservamos-saas-conecta-setor-rodoviario-na-expo-foro\\\/#article\",\"isPartOf\":{\"@id\":\"https:\\\/\\\/reserhub.com\\\/br\\\/blog\\\/reservamos-saas-conecta-setor-rodoviario-na-expo-foro\\\/\"},\"author\":{\"name\":\"Beatriz Ladr\u00f3n\",\"@id\":\"https:\\\/\\\/reserhub.com\\\/br\\\/#\\\/schema\\\/person\\\/baf7ed51538a8c0dbd38e5d145458cba\"},\"headline\":\"Reservamos SaaS gera espa\u00e7os para conectar as via\u00e7\u00f5es no M\u00e9xico e na Col\u00f4mbia durante a Expo Foro 2024\",\"datePublished\":\"2024-03-07T04:30:01+00:00\",\"dateModified\":\"2024-03-07T04:30:03+00:00\",\"mainEntityOfPage\":{\"@id\":\"https:\\\/\\\/reserhub.com\\\/br\\\/blog\\\/reservamos-saas-conecta-setor-rodoviario-na-expo-foro\\\/\"},\"wordCount\":1299,\"image\":{\"@id\":\"https:\\\/\\\/reserhub.com\\\/br\\\/blog\\\/reservamos-saas-conecta-setor-rodoviario-na-expo-foro\\\/#primaryimage\"},\"thumbnailUrl\":\"https:\\\/\\\/reserhub.com\\\/br\\\/wp-content\\\/uploads\\\/sites\\\/10\\\/2024\\\/03\\\/Portada-Post-Expo-Foro-Movilidad-2024-.webp\",\"articleSection\":[\"Bus evolution\",\"Sala de imprensa\"],\"inLanguage\":\"en-US\"},{\"@type\":\"WebPage\",\"@id\":\"https:\\\/\\\/reserhub.com\\\/br\\\/blog\\\/reservamos-saas-conecta-setor-rodoviario-na-expo-foro\\\/\",\"url\":\"https:\\\/\\\/reserhub.com\\\/br\\\/blog\\\/reservamos-saas-conecta-setor-rodoviario-na-expo-foro\\\/\",\"name\":\"Reservamos SaaS gera espa\u00e7os para conectar as via\u00e7\u00f5es no M\u00e9xico e na Col\u00f4mbia durante a Expo Foro 2024 - Reserhub BR\",\"isPartOf\":{\"@id\":\"https:\\\/\\\/reserhub.com\\\/br\\\/#website\"},\"primaryImageOfPage\":{\"@id\":\"https:\\\/\\\/reserhub.com\\\/br\\\/blog\\\/reservamos-saas-conecta-setor-rodoviario-na-expo-foro\\\/#primaryimage\"},\"image\":{\"@id\":\"https:\\\/\\\/reserhub.com\\\/br\\\/blog\\\/reservamos-saas-conecta-setor-rodoviario-na-expo-foro\\\/#primaryimage\"},\"thumbnailUrl\":\"https:\\\/\\\/reserhub.com\\\/br\\\/wp-content\\\/uploads\\\/sites\\\/10\\\/2024\\\/03\\\/Portada-Post-Expo-Foro-Movilidad-2024-.webp\",\"datePublished\":\"2024-03-07T04:30:01+00:00\",\"dateModified\":\"2024-03-07T04:30:03+00:00\",\"author\":{\"@id\":\"https:\\\/\\\/reserhub.com\\\/br\\\/#\\\/schema\\\/person\\\/baf7ed51538a8c0dbd38e5d145458cba\"},\"description\":\"Reservamos SaaS conecta aliados no M\u00e9xico e na Col\u00f4mbia na Expo Foro 2024, promovendo a digitaliza\u00e7\u00e3o e a sustentabilidade no transporte de passageiros.\",\"breadcrumb\":{\"@id\":\"https:\\\/\\\/reserhub.com\\\/br\\\/blog\\\/reservamos-saas-conecta-setor-rodoviario-na-expo-foro\\\/#breadcrumb\"},\"inLanguage\":\"en-US\",\"potentialAction\":[{\"@type\":\"ReadAction\",\"target\":[\"https:\\\/\\\/reserhub.com\\\/br\\\/blog\\\/reservamos-saas-conecta-setor-rodoviario-na-expo-foro\\\/\"]}]},{\"@type\":\"ImageObject\",\"inLanguage\":\"en-US\",\"@id\":\"https:\\\/\\\/reserhub.com\\\/br\\\/blog\\\/reservamos-saas-conecta-setor-rodoviario-na-expo-foro\\\/#primaryimage\",\"url\":\"https:\\\/\\\/reserhub.com\\\/br\\\/wp-content\\\/uploads\\\/sites\\\/10\\\/2024\\\/03\\\/Portada-Post-Expo-Foro-Movilidad-2024-.webp\",\"contentUrl\":\"https:\\\/\\\/reserhub.com\\\/br\\\/wp-content\\\/uploads\\\/sites\\\/10\\\/2024\\\/03\\\/Portada-Post-Expo-Foro-Movilidad-2024-.webp\",\"width\":1000,\"height\":800,\"caption\":\"Expo Foro\"},{\"@type\":\"BreadcrumbList\",\"@id\":\"https:\\\/\\\/reserhub.com\\\/br\\\/blog\\\/reservamos-saas-conecta-setor-rodoviario-na-expo-foro\\\/#breadcrumb\",\"itemListElement\":[{\"@type\":\"ListItem\",\"position\":1,\"name\":\"Home\",\"item\":\"https:\\\/\\\/reserhub.com\\\/br\\\/\"},{\"@type\":\"ListItem\",\"position\":2,\"name\":\"Reservamos SaaS gera espa\u00e7os para conectar as via\u00e7\u00f5es no M\u00e9xico e na Col\u00f4mbia durante a Expo Foro 2024\"}]},{\"@type\":\"WebSite\",\"@id\":\"https:\\\/\\\/reserhub.com\\\/br\\\/#website\",\"url\":\"https:\\\/\\\/reserhub.com\\\/br\\\/\",\"name\":\"Reserhub BR\",\"description\":\"\",\"potentialAction\":[{\"@type\":\"SearchAction\",\"target\":{\"@type\":\"EntryPoint\",\"urlTemplate\":\"https:\\\/\\\/reserhub.com\\\/br\\\/?s={search_term_string}\"},\"query-input\":{\"@type\":\"PropertyValueSpecification\",\"valueRequired\":true,\"valueName\":\"search_term_string\"}}],\"inLanguage\":\"en-US\"},{\"@type\":\"Person\",\"@id\":\"https:\\\/\\\/reserhub.com\\\/br\\\/#\\\/schema\\\/person\\\/baf7ed51538a8c0dbd38e5d145458cba\",\"name\":\"Beatriz Ladr\u00f3n\",\"image\":{\"@type\":\"ImageObject\",\"inLanguage\":\"en-US\",\"@id\":\"https:\\\/\\\/secure.gravatar.com\\\/avatar\\\/64174149f7ecd2c9e92d1f8ac4722bc1f97117d6a789b493bef3d02adf697b55?s=96&d=mm&r=g\",\"url\":\"https:\\\/\\\/secure.gravatar.com\\\/avatar\\\/64174149f7ecd2c9e92d1f8ac4722bc1f97117d6a789b493bef3d02adf697b55?s=96&d=mm&r=g\",\"contentUrl\":\"https:\\\/\\\/secure.gravatar.com\\\/avatar\\\/64174149f7ecd2c9e92d1f8ac4722bc1f97117d6a789b493bef3d02adf697b55?s=96&d=mm&r=g\",\"caption\":\"Beatriz Ladr\u00f3n\"},\"description\":\"Bea Ladr\u00f3n de Guevara lidera los esfuerzos de comunicaci\u00f3n de Reserhub, creando narrativas y contenidos que conectan con la audiencia y fortalecen la presencia de la marca en el sector de autob\u00fas. Con m\u00e1s de diez a\u00f1os de experiencia en comunicaci\u00f3n estrat\u00e9gica y relaciones p\u00fablicas, es tambi\u00e9n la voz detr\u00e1s del podcast de Reserhub, Expertos en movimiento, donde conversa con l\u00edderes y especialistas que est\u00e1n impulsando la innovaci\u00f3n, digitalizaci\u00f3n y evoluci\u00f3n de importantes industrias, como la de transporte terrestre de pasajeros.\",\"url\":\"https:\\\/\\\/reserhub.com\\\/br\\\/blog\\\/author\\\/beatriz\\\/\"}]}<\/script>\n<!-- \/ Yoast SEO Premium plugin. -->","yoast_head_json":{"title":"Reservamos SaaS gera espa\u00e7os para conectar as via\u00e7\u00f5es no M\u00e9xico e na Col\u00f4mbia durante a Expo Foro 2024 - Reserhub BR","description":"Reservamos SaaS conecta aliados no M\u00e9xico e na Col\u00f4mbia na Expo Foro 2024, promovendo a digitaliza\u00e7\u00e3o e a sustentabilidade no transporte de passageiros.","robots":{"index":"index","follow":"follow","max-snippet":"max-snippet:-1","max-image-preview":"max-image-preview:large","max-video-preview":"max-video-preview:-1"},"canonical":"https:\/\/reserhub.com\/br\/blog\/reservamos-saas-conecta-setor-rodoviario-na-expo-foro\/","og_locale":"en_US","og_type":"article","og_title":"Reservamos SaaS gera espa\u00e7os para conectar as via\u00e7\u00f5es no M\u00e9xico e na Col\u00f4mbia durante a Expo Foro 2024","og_description":"Reservamos SaaS conecta aliados no M\u00e9xico e na Col\u00f4mbia na Expo Foro 2024, promovendo a digitaliza\u00e7\u00e3o e a sustentabilidade no transporte de passageiros.","og_url":"https:\/\/reserhub.com\/br\/blog\/reservamos-saas-conecta-setor-rodoviario-na-expo-foro\/","og_site_name":"Reserhub BR","article_published_time":"2024-03-07T04:30:01+00:00","article_modified_time":"2024-03-07T04:30:03+00:00","og_image":[{"width":1000,"height":800,"url":"https:\/\/reserhub.com\/br\/wp-content\/uploads\/sites\/10\/2024\/03\/Portada-Post-Expo-Foro-Movilidad-2024-.webp","type":"image\/webp"}],"author":"Beatriz Ladr\u00f3n","twitter_card":"summary_large_image","twitter_misc":{"Written by":"Beatriz Ladr\u00f3n","Est. reading time":"9 minutes"},"schema":{"@context":"https:\/\/schema.org","@graph":[{"@type":"Article","@id":"https:\/\/reserhub.com\/br\/blog\/reservamos-saas-conecta-setor-rodoviario-na-expo-foro\/#article","isPartOf":{"@id":"https:\/\/reserhub.com\/br\/blog\/reservamos-saas-conecta-setor-rodoviario-na-expo-foro\/"},"author":{"name":"Beatriz Ladr\u00f3n","@id":"https:\/\/reserhub.com\/br\/#\/schema\/person\/baf7ed51538a8c0dbd38e5d145458cba"},"headline":"Reservamos SaaS gera espa\u00e7os para conectar as via\u00e7\u00f5es no M\u00e9xico e na Col\u00f4mbia durante a Expo Foro 2024","datePublished":"2024-03-07T04:30:01+00:00","dateModified":"2024-03-07T04:30:03+00:00","mainEntityOfPage":{"@id":"https:\/\/reserhub.com\/br\/blog\/reservamos-saas-conecta-setor-rodoviario-na-expo-foro\/"},"wordCount":1299,"image":{"@id":"https:\/\/reserhub.com\/br\/blog\/reservamos-saas-conecta-setor-rodoviario-na-expo-foro\/#primaryimage"},"thumbnailUrl":"https:\/\/reserhub.com\/br\/wp-content\/uploads\/sites\/10\/2024\/03\/Portada-Post-Expo-Foro-Movilidad-2024-.webp","articleSection":["Bus evolution","Sala de imprensa"],"inLanguage":"en-US"},{"@type":"WebPage","@id":"https:\/\/reserhub.com\/br\/blog\/reservamos-saas-conecta-setor-rodoviario-na-expo-foro\/","url":"https:\/\/reserhub.com\/br\/blog\/reservamos-saas-conecta-setor-rodoviario-na-expo-foro\/","name":"Reservamos SaaS gera espa\u00e7os para conectar as via\u00e7\u00f5es no M\u00e9xico e na Col\u00f4mbia durante a Expo Foro 2024 - Reserhub BR","isPartOf":{"@id":"https:\/\/reserhub.com\/br\/#website"},"primaryImageOfPage":{"@id":"https:\/\/reserhub.com\/br\/blog\/reservamos-saas-conecta-setor-rodoviario-na-expo-foro\/#primaryimage"},"image":{"@id":"https:\/\/reserhub.com\/br\/blog\/reservamos-saas-conecta-setor-rodoviario-na-expo-foro\/#primaryimage"},"thumbnailUrl":"https:\/\/reserhub.com\/br\/wp-content\/uploads\/sites\/10\/2024\/03\/Portada-Post-Expo-Foro-Movilidad-2024-.webp","datePublished":"2024-03-07T04:30:01+00:00","dateModified":"2024-03-07T04:30:03+00:00","author":{"@id":"https:\/\/reserhub.com\/br\/#\/schema\/person\/baf7ed51538a8c0dbd38e5d145458cba"},"description":"Reservamos SaaS conecta aliados no M\u00e9xico e na Col\u00f4mbia na Expo Foro 2024, promovendo a digitaliza\u00e7\u00e3o e a sustentabilidade no transporte de passageiros.","breadcrumb":{"@id":"https:\/\/reserhub.com\/br\/blog\/reservamos-saas-conecta-setor-rodoviario-na-expo-foro\/#breadcrumb"},"inLanguage":"en-US","potentialAction":[{"@type":"ReadAction","target":["https:\/\/reserhub.com\/br\/blog\/reservamos-saas-conecta-setor-rodoviario-na-expo-foro\/"]}]},{"@type":"ImageObject","inLanguage":"en-US","@id":"https:\/\/reserhub.com\/br\/blog\/reservamos-saas-conecta-setor-rodoviario-na-expo-foro\/#primaryimage","url":"https:\/\/reserhub.com\/br\/wp-content\/uploads\/sites\/10\/2024\/03\/Portada-Post-Expo-Foro-Movilidad-2024-.webp","contentUrl":"https:\/\/reserhub.com\/br\/wp-content\/uploads\/sites\/10\/2024\/03\/Portada-Post-Expo-Foro-Movilidad-2024-.webp","width":1000,"height":800,"caption":"Expo Foro"},{"@type":"BreadcrumbList","@id":"https:\/\/reserhub.com\/br\/blog\/reservamos-saas-conecta-setor-rodoviario-na-expo-foro\/#breadcrumb","itemListElement":[{"@type":"ListItem","position":1,"name":"Home","item":"https:\/\/reserhub.com\/br\/"},{"@type":"ListItem","position":2,"name":"Reservamos SaaS gera espa\u00e7os para conectar as via\u00e7\u00f5es no M\u00e9xico e na Col\u00f4mbia durante a Expo Foro 2024"}]},{"@type":"WebSite","@id":"https:\/\/reserhub.com\/br\/#website","url":"https:\/\/reserhub.com\/br\/","name":"Reserhub BR","description":"","potentialAction":[{"@type":"SearchAction","target":{"@type":"EntryPoint","urlTemplate":"https:\/\/reserhub.com\/br\/?s={search_term_string}"},"query-input":{"@type":"PropertyValueSpecification","valueRequired":true,"valueName":"search_term_string"}}],"inLanguage":"en-US"},{"@type":"Person","@id":"https:\/\/reserhub.com\/br\/#\/schema\/person\/baf7ed51538a8c0dbd38e5d145458cba","name":"Beatriz Ladr\u00f3n","image":{"@type":"ImageObject","inLanguage":"en-US","@id":"https:\/\/secure.gravatar.com\/avatar\/64174149f7ecd2c9e92d1f8ac4722bc1f97117d6a789b493bef3d02adf697b55?s=96&d=mm&r=g","url":"https:\/\/secure.gravatar.com\/avatar\/64174149f7ecd2c9e92d1f8ac4722bc1f97117d6a789b493bef3d02adf697b55?s=96&d=mm&r=g","contentUrl":"https:\/\/secure.gravatar.com\/avatar\/64174149f7ecd2c9e92d1f8ac4722bc1f97117d6a789b493bef3d02adf697b55?s=96&d=mm&r=g","caption":"Beatriz Ladr\u00f3n"},"description":"Bea Ladr\u00f3n de Guevara lidera los esfuerzos de comunicaci\u00f3n de Reserhub, creando narrativas y contenidos que conectan con la audiencia y fortalecen la presencia de la marca en el sector de autob\u00fas. Con m\u00e1s de diez a\u00f1os de experiencia en comunicaci\u00f3n estrat\u00e9gica y relaciones p\u00fablicas, es tambi\u00e9n la voz detr\u00e1s del podcast de Reserhub, Expertos en movimiento, donde conversa con l\u00edderes y especialistas que est\u00e1n impulsando la innovaci\u00f3n, digitalizaci\u00f3n y evoluci\u00f3n de importantes industrias, como la de transporte terrestre de pasajeros.","url":"https:\/\/reserhub.com\/br\/blog\/author\/beatriz\/"}]}},"_links":{"self":[{"href":"https:\/\/reserhub.com\/br\/wp-json\/wp\/v2\/posts\/246584","targetHints":{"allow":["GET"]}}],"collection":[{"href":"https:\/\/reserhub.com\/br\/wp-json\/wp\/v2\/posts"}],"about":[{"href":"https:\/\/reserhub.com\/br\/wp-json\/wp\/v2\/types\/post"}],"author":[{"embeddable":true,"href":"https:\/\/reserhub.com\/br\/wp-json\/wp\/v2\/users\/4"}],"replies":[{"embeddable":true,"href":"https:\/\/reserhub.com\/br\/wp-json\/wp\/v2\/comments?post=246584"}],"version-history":[{"count":1,"href":"https:\/\/reserhub.com\/br\/wp-json\/wp\/v2\/posts\/246584\/revisions"}],"predecessor-version":[{"id":246586,"href":"https:\/\/reserhub.com\/br\/wp-json\/wp\/v2\/posts\/246584\/revisions\/246586"}],"wp:featuredmedia":[{"embeddable":true,"href":"https:\/\/reserhub.com\/br\/wp-json\/wp\/v2\/media\/246585"}],"wp:attachment":[{"href":"https:\/\/reserhub.com\/br\/wp-json\/wp\/v2\/media?parent=246584"}],"wp:term":[{"taxonomy":"category","embeddable":true,"href":"https:\/\/reserhub.com\/br\/wp-json\/wp\/v2\/categories?post=246584"},{"taxonomy":"post_tag","embeddable":true,"href":"https:\/\/reserhub.com\/br\/wp-json\/wp\/v2\/tags?post=246584"}],"curies":[{"name":"wp","href":"https:\/\/api.w.org\/{rel}","templated":true}]}}